{"id":5102,"date":"2022-06-14T10:45:10","date_gmt":"2022-06-14T08:45:10","guid":{"rendered":"https:\/\/spanishteacher.pro\/?p=5102"},"modified":"2022-06-14T10:48:08","modified_gmt":"2022-06-14T08:48:08","slug":"give-it-to-me-damela-ele-a2-b1-objeto-directo-e-indirecto","status":"publish","type":"post","link":"https:\/\/spanishteacher.pro\/en\/give-it-to-me-damela-ele-a2-b1-objeto-directo-e-indirecto\/","title":{"rendered":"Give it to me. D\u00e1mela. ELE A2-B1. Objeto directo e indirecto."},"content":{"rendered":"<p>&nbsp;<\/p>\n<p><img loading=\"lazy\" decoding=\"async\" class=\"alignnone size-medium wp-image-5103\" src=\"https:\/\/spanishteacher.pro\/wp-content\/uploads\/2022\/06\/15402203686471-300x209.jpg\" alt=\"\" width=\"300\" height=\"209\" title=\"\" srcset=\"https:\/\/spanishteacher.pro\/wp-content\/uploads\/2022\/06\/15402203686471-300x209.jpg 300w, https:\/\/spanishteacher.pro\/wp-content\/uploads\/2022\/06\/15402203686471.jpg 660w\" sizes=\"auto, (max-width: 300px) 100vw, 300px\" \/><\/p>\n<hr \/>\n<ol>\n<li><strong>Antes de escuchar la canci\u00f3n, trabaja con tu compa\u00f1er@:<\/strong><br \/>\n<h2><em><span style=\"color: #339966;\"><strong>\u00bfqu\u00e9? y \u00bfpara\/a qui\u00e9n?<\/strong><\/span><\/em><\/h2>\n<\/li>\n<\/ol>\n<p><strong>Marlango<\/strong><\/p>\n<p>D\u00e1me<strong>lo<\/strong><br \/>\nD\u00e1me<strong>lo\u00a0<\/strong><br \/>\nSi\u00e9ntate cerca<br \/>\nD\u00edmelo<br \/>\nH\u00e1zme<strong>las\u00a0<\/strong><br \/>\nCon mil palabras<br \/>\nD\u00e1me<strong>la\u00a0<\/strong><br \/>\nQuiero creer<\/p>\n<p>D\u00e1me<strong>las<\/strong><br \/>\nPara olvidar<strong>las<\/strong><br \/>\nMu\u00e9ve<strong>la\u00a0<\/strong><br \/>\nD\u00e1me<strong>lo<\/strong><br \/>\nD\u00e1me<strong>lo\u00a0<\/strong><br \/>\nEnvenenado<br \/>\nD\u00e1me<strong>las<\/strong><br \/>\nD\u00e9jame arder<\/p>\n<p>D\u00e1me<strong>las\u00a0<\/strong><br \/>\nCamas desechas<br \/>\nPasos perdidos<br \/>\nSilencio en la piel<br \/>\nD\u00e1me<strong>las<\/strong><br \/>\nCamas desechas<br \/>\nQu\u00edtame<strong>lo\u00a0<\/strong><br \/>\nD\u00e1me<strong>la<\/strong><br \/>\nD\u00e1me<strong>la<\/strong><\/p>\n<p>D\u00e1me<strong>lo\u00a0<\/strong><br \/>\nT\u00f3ma<strong>las\u00a0<\/strong><br \/>\nPi\u00e9rde<strong>lo\u00a0<\/strong><br \/>\nD\u00e1me<strong>la\u00a0<\/strong><br \/>\nT\u00f3mate<strong>lo\u00a0<\/strong><br \/>\nMu\u00e9ve<strong>lo<\/strong><br \/>\nQuiero caer<\/p>\n<p>D\u00e1me<strong>las<\/strong><br \/>\nCamas desechas<br \/>\nPasos perdidos<br \/>\nSilencio en la piel<br \/>\nD\u00e1me<strong>las<\/strong><br \/>\nCamas desechas<br \/>\nQu\u00edtame<strong>lo\u00a0<\/strong><br \/>\nD\u00e1me<strong>la<\/strong><\/p>\n<p>D\u00e1me<strong>las<\/strong><br \/>\nCamas desechas<br \/>\nPasos perdidos<br \/>\nSilencio en la piel<br \/>\nD\u00e1me<strong>las<\/strong><br \/>\nCamas desechas<br \/>\nQu\u00edtame<strong>lo\u00a0<\/strong><br \/>\nD\u00e1me<strong>la<\/strong><br \/>\n\u00a1D\u00e1me<strong>la<\/strong>!<\/p>\n<p><strong> \u00a0 \u00a02. Buscad en la siguiente lista la palabra que mejor puede sustituir el pronombre de objeto directo:<\/strong><\/p>\n<p><img loading=\"lazy\" decoding=\"async\" class=\"alignnone wp-image-5106 size-full\" src=\"https:\/\/spanishteacher.pro\/wp-content\/uploads\/2022\/06\/Captura.jpg\" alt=\"\" width=\"830\" height=\"286\" title=\"\" srcset=\"https:\/\/spanishteacher.pro\/wp-content\/uploads\/2022\/06\/Captura.jpg 830w, https:\/\/spanishteacher.pro\/wp-content\/uploads\/2022\/06\/Captura-300x103.jpg 300w, https:\/\/spanishteacher.pro\/wp-content\/uploads\/2022\/06\/Captura-768x265.jpg 768w\" sizes=\"auto, (max-width: 830px) 100vw, 830px\" \/><\/p>\n<p><strong>\u00a0 \u00a0 \u00a03. <a href=\"https:\/\/www.youtube.com\/watch?v=iKdSwJy5R-k&amp;ab_channel=MarlangoVEVO\" rel=\"nofollow noopener\" target=\"_blank\">Escuchad la canci\u00f3n<\/a> y comprobad vuestras respuestas<\/strong><\/p>\n","protected":false},"excerpt":{"rendered":"<p>&nbsp; Antes de escuchar la canci\u00f3n, trabaja con tu compa\u00f1er@: \u00bfqu\u00e9? y \u00bfpara\/a qui\u00e9n? Marlango D\u00e1melo D\u00e1melo\u00a0 Si\u00e9ntate cerca D\u00edmelo H\u00e1zmelas\u00a0 Con mil palabras D\u00e1mela\u00a0 Quiero creer D\u00e1melas Para olvidarlas Mu\u00e9vela\u00a0 D\u00e1melo D\u00e1melo\u00a0 Envenenado D\u00e1melas D\u00e9jame arder D\u00e1melas\u00a0 Camas desechas Pasos perdidos Silencio en la piel D\u00e1melas Camas desechas Qu\u00edtamelo\u00a0 D\u00e1mela D\u00e1mela D\u00e1melo\u00a0 T\u00f3malas\u00a0 Pi\u00e9rdelo\u00a0&hellip;<\/p>\n","protected":false},"author":2,"featured_media":5103,"comment_status":"open","ping_status":"closed","sticky":false,"template":"","format":"standard","meta":{"footnotes":""},"categories":[305],"tags":[329,339,321,357,331,333,358,356,325,336,355],"class_list":["post-5102","post","type-post","status-publish","format-standard","has-post-thumbnail","hentry","category-spanish-translation","tag-aprendizaje-colaborativo-en","tag-clasesonlineforyou","tag-competencia-comunicativa-en","tag-ele-a2-b1-en","tag-ensenanza-aprendizaje-en","tag-experiencia-docente-en","tag-imperativo-en","tag-la-cancion-en-ele","tag-marco-comun-europeo-de-referencia-para-las-lenguas-en","tag-plan-curricular-del-instituto-cervantes-en","tag-pronombres-de-objeto-directo","category-305","description-off"],"_links":{"self":[{"href":"https:\/\/spanishteacher.pro\/en\/wp-json\/wp\/v2\/posts\/5102","targetHints":{"allow":["GET"]}}],"collection":[{"href":"https:\/\/spanishteacher.pro\/en\/wp-json\/wp\/v2\/posts"}],"about":[{"href":"https:\/\/spanishteacher.pro\/en\/wp-json\/wp\/v2\/types\/post"}],"author":[{"embeddable":true,"href":"https:\/\/spanishteacher.pro\/en\/wp-json\/wp\/v2\/users\/2"}],"replies":[{"embeddable":true,"href":"https:\/\/spanishteacher.pro\/en\/wp-json\/wp\/v2\/comments?post=5102"}],"version-history":[{"count":1,"href":"https:\/\/spanishteacher.pro\/en\/wp-json\/wp\/v2\/posts\/5102\/revisions"}],"predecessor-version":[{"id":5109,"href":"https:\/\/spanishteacher.pro\/en\/wp-json\/wp\/v2\/posts\/5102\/revisions\/5109"}],"wp:featuredmedia":[{"embeddable":true,"href":"https:\/\/spanishteacher.pro\/en\/wp-json\/wp\/v2\/media\/5103"}],"wp:attachment":[{"href":"https:\/\/spanishteacher.pro\/en\/wp-json\/wp\/v2\/media?parent=5102"}],"wp:term":[{"taxonomy":"category","embeddable":true,"href":"https:\/\/spanishteacher.pro\/en\/wp-json\/wp\/v2\/categories?post=5102"},{"taxonomy":"post_tag","embeddable":true,"href":"https:\/\/spanishteacher.pro\/en\/wp-json\/wp\/v2\/tags?post=5102"}],"curies":[{"name":"wp","href":"https:\/\/api.w.org\/{rel}","templated":true}]}}