{"id":5071,"date":"2022-02-22T13:15:35","date_gmt":"2022-02-22T12:15:35","guid":{"rendered":"https:\/\/spanishteacher.pro\/?p=5071"},"modified":"2022-02-22T13:15:35","modified_gmt":"2022-02-22T12:15:35","slug":"5071","status":"publish","type":"post","link":"https:\/\/spanishteacher.pro\/en\/5071\/","title":{"rendered":"Love letter to Spain. Carta de Amor a Espa\u00f1a. ELE C1-C2"},"content":{"rendered":"<h1><strong>Tarea para realizar en grupo:<\/strong><\/h1>\n<p>&nbsp;<\/p>\n<p><img loading=\"lazy\" decoding=\"async\" class=\"alignnone size-medium wp-image-5075\" src=\"https:\/\/spanishteacher.pro\/wp-content\/uploads\/2022\/02\/propuesta-TRABAJO-COLABORATIVO-1-300x300.png\" alt=\"\" width=\"300\" height=\"300\" title=\"\" srcset=\"https:\/\/spanishteacher.pro\/wp-content\/uploads\/2022\/02\/propuesta-TRABAJO-COLABORATIVO-1-300x300.png 300w, https:\/\/spanishteacher.pro\/wp-content\/uploads\/2022\/02\/propuesta-TRABAJO-COLABORATIVO-1-1024x1024.png 1024w, https:\/\/spanishteacher.pro\/wp-content\/uploads\/2022\/02\/propuesta-TRABAJO-COLABORATIVO-1-150x150.png 150w, https:\/\/spanishteacher.pro\/wp-content\/uploads\/2022\/02\/propuesta-TRABAJO-COLABORATIVO-1-768x768.png 768w, https:\/\/spanishteacher.pro\/wp-content\/uploads\/2022\/02\/propuesta-TRABAJO-COLABORATIVO-1.png 1080w\" sizes=\"auto, (max-width: 300px) 100vw, 300px\" \/><\/p>\n<ol>\n<li>Presentaci\u00f3n del tema. Lluvia de ideas en la pizarra:<em><strong>\u00bfQu\u00e9 es una ruta cultural?<\/strong><\/em><\/li>\n<li>Preguntas individuales sobre <em><strong>qu\u00e9 te gusta hacer en una ruta cultural.<\/strong><\/em><\/li>\n<li>Trabajo en grupo: <strong>texto (explotaci\u00f3n did\u00e1ctica) + mapa de Espa\u00f1a + dispositivo<\/strong><\/li>\n<li>Presentaci\u00f3n de <strong>los resultados<\/strong> al resto de la clase.<\/li>\n<li>Final del trabajo con una <strong>tarea de evaluaci\u00f3n<\/strong> a trav\u00e9s de un juego.<\/li>\n<\/ol>\n<p>Trabajo de ampliaci\u00f3n. Al final del texto encontrar\u00e1s la <em><strong>Carta de amor a Espa\u00f1a<\/strong><\/em> en v\u00eddeo. Esc\u00fachala y escribe otra a tu pa\u00eds.<\/p>\n<div class=\"ArticlePageLedeBackground-bMjhmY eUjBwB\">\n<header class=\"ContentHeaderWrapper-vwGRk fskKtc content-header article__content-header\" data-event-boundary=\"click\" data-event-click=\"{&quot;pattern&quot;:&quot;ContentHeader&quot;}\" data-in-view=\"{&quot;pattern&quot;:&quot;ContentHeader&quot;}\" data-include-experiments=\"true\">\n<div class=\"BaseWrap-sc-TURhJ ContentHeaderContainer-bxFcEA eTiIvU iuYLGK\" data-testid=\"ContentHeaderContainer\">\n<div class=\"BaseWrap-sc-TURhJ ContentHeaderTitleBlockWrapper-jqwWfR eTiIvU CYsmf\" data-testid=\"ContentHeaderTitleBlockWrapper\" data-event-boundary=\"click\" data-event-click=\"{&quot;pattern&quot;:&quot;TitleBlock&quot;}\" data-in-view=\"{&quot;pattern&quot;:&quot;TitleBlock&quot;}\" data-include-experiments=\"true\">\n<h1 class=\"BaseWrap-sc-TURhJ BaseText-fFzBQt ContentHeaderHed-kpvpFG eTiIvU jMmSgD HVMsA\" data-testid=\"ContentHeaderHed\"><a href=\"https:\/\/www.traveler.es\/experiencias\/articulos\/rutas-culturales-de-espana-senderos-para-recorrer-el-corazon-del-pais\/20365\" rel=\"nofollow noopener\" target=\"_blank\">\u2018Rutas Culturales de Espa\u00f1a\u2019: senderos para recorrer el coraz\u00f3n del pa\u00eds<\/a><\/h1>\n<\/div>\n<div class=\"BaseWrap-sc-TURhJ ContentHeaderAccreditation-gSiKOh eTiIvU bbWfwM content-header__accreditation\" data-testid=\"ContentHeaderAccreditation\">\n<div class=\"ContentHeaderDek-uqvGp kYzMTE\">Seis trayectorias para viajar en el tiempo y a trav\u00e9s de la cultura, la gastronom\u00eda y el patrimonio de Espa\u00f1a.<\/div>\n<div class=\"BaseWrap-sc-TURhJ ContentHeaderByline-braXHC eTiIvU kxyZXA\">\n<div class=\"BaseWrap-sc-TURhJ ContentHeaderBylineContent-chKtjf eTiIvU\">\n<div class=\"BaseWrap-sc-TURhJ BylinesWrapper-hkFqmg eTiIvU bylines ContentHeaderBylines-kaSIkR lapcHJ\" data-testid=\"BylinesWrapper\">\n<p class=\"BylineWrapper-iiTsTb cwDnAt byline bylines__byline\" data-testid=\"BylineWrapper\"><span class=\"BaseWrap-sc-TURhJ BaseText-fFzBQt BylinePreamble-igNUzc eTiIvU bEOBtS ZpoVg byline__preamble\">POR\u00a0<\/span><span class=\"BylineNamesWrapper-dbkCxf erRIa-D\"><span class=\"BylineName-cKXFOb hmaBrm byline__name\" data-testid=\"BylineName\"><a class=\"BaseWrap-sc-TURhJ BaseText-fFzBQt BaseLink-gZQqBA BylineLink-eZnyPI eTiIvU tudyh fWIkfY ipmjCe byline__name-link button\" href=\"https:\/\/www.traveler.es\/autor\/maria-angeles-cano\/294\" rel=\"nofollow noopener\" target=\"_blank\">MAR\u00cdA \u00c1NGELES CANO<\/a><\/span><\/span><\/p>\n<\/div>\n<p><time class=\"BaseWrap-sc-TURhJ BaseText-fFzBQt ContentHeaderPublishDate-kdLBGO eTiIvU fMfQXx fPycFv\" data-testid=\"ContentHeaderPublishDate\">26 de febrero de 2021<\/time><\/div>\n<\/div>\n<\/div>\n<\/div>\n<aside class=\"PersistentAsideWrapper-OTtoN iDbZCI persistent-aside persistent-aside--align-left\" data-testid=\"PersistentAsideWrapper\">\n<div class=\"StickyBoxWrapper-euhCxU duhIvo sticky-box ContentHeaderPersistentAside-cUmZXg bPtvXK\">\n<div class=\"StickyBoxPrimary-fEgDcn dFVkFO sticky-box__primary\">\n<div class=\"BaseWrap-sc-TURhJ SocialIconsWrapper-ixWYBx eTiIvU eavmKn social-icons social-icons--has-background ContentHeaderSocialIcons-bZHwqw lgIbxM social-icons--share\" data-event-boundary=\"click\" data-event-click=\"{&quot;pattern&quot;:&quot;SocialIcons&quot;}\" data-in-view=\"{&quot;pattern&quot;:&quot;SocialIcons&quot;}\" data-include-experiments=\"true\">\n<p>&nbsp;<\/p>\n<\/div>\n<\/div>\n<\/div>\n<\/aside>\n<\/header>\n<\/div>\n<div class=\"ArticlePageContentBackGround-eCrksR lhmiWd\" data-attribute-verso-pattern=\"article-body\">\n<div class=\"ArticlePageChunksContent-hqHLaf cyochf\" data-event-boundary=\"click\" data-event-click=\"{&quot;pattern&quot;:&quot;ChunkedArticleContent&quot;}\" data-in-view=\"{&quot;pattern&quot;:&quot;ChunkedArticleContent&quot;}\" data-include-experiments=\"true\">\n<div class=\"ArticlePageChunks-lglntq gbFBEK\" data-testid=\"ArticlePageChunks\">\n<div class=\"GridWrapper-vNBSO jMumET grid grid-margins grid-items-2 ArticlePageChunksGrid-kRgPDq DBpfE grid-layout--adrail narrow wide-adrail\">\n<div class=\"GridItem-buSdEM PibmB grid--item grid-layout__content\">\n<div class=\"BaseWrap-sc-TURhJ BodyWrapper-ctnerm eTiIvU giAexF body body__container article__body\" data-journey-hook=\"client-content\" data-testid=\"BodyWrapper\">\n<div class=\"body__inner-container\">\n<figure class=\"AssetEmbedWrapper-iLfYbx iclJOW asset-embed\">\n<div class=\"BaseWrap-sc-TURhJ AssetEmbedAssetContainer-fogSSF eTiIvU asset-embed__asset-container\"><span class=\"BaseWrap-sc-TURhJ SpanWrapper-kGGzGm eTiIvU fCMktF responsive-asset AssetEmbedResponsiveAsset-eqsnW ehcXJi asset-embed__responsive-asset\"><picture class=\"ResponsiveImagePicture-jIKgcS fArnhQ AssetEmbedResponsiveAsset-eqsnW ehcXJi asset-embed__responsive-asset responsive-image\"><img decoding=\"async\" class=\"ResponsiveImageContainer-dlOMGF byslZC responsive-image__image\" src=\"https:\/\/media.traveler.es\/photos\/613760f1ea50dbd37eadebd1\/master\/w_1600%2Cc_limit\/204258.jpg\" sizes=\"100vw\" srcset=\"https:\/\/media.traveler.es\/photos\/613760f1ea50dbd37eadebd1\/master\/w_120,c_limit\/204258.jpg 120w, https:\/\/media.traveler.es\/photos\/613760f1ea50dbd37eadebd1\/master\/w_240,c_limit\/204258.jpg 240w, https:\/\/media.traveler.es\/photos\/613760f1ea50dbd37eadebd1\/master\/w_320,c_limit\/204258.jpg 320w, https:\/\/media.traveler.es\/photos\/613760f1ea50dbd37eadebd1\/master\/w_640,c_limit\/204258.jpg 640w, https:\/\/media.traveler.es\/photos\/613760f1ea50dbd37eadebd1\/master\/w_960,c_limit\/204258.jpg 960w, https:\/\/media.traveler.es\/photos\/613760f1ea50dbd37eadebd1\/master\/w_1280,c_limit\/204258.jpg 1280w, https:\/\/media.traveler.es\/photos\/613760f1ea50dbd37eadebd1\/master\/w_1600,c_limit\/204258.jpg 1600w\" alt=\"Viajera\" title=\"\"><\/picture><\/span><\/div><figcaption class=\"BaseWrap-sc-TURhJ CaptionWrapper-brisHk cvqUss bsvkuO caption AssetEmbedCaption-eXYFag dtpzfQ asset-embed__caption\" data-event-boundary=\"click\" data-event-click=\"{&quot;pattern&quot;:&quot;Caption&quot;}\" data-in-view=\"{&quot;pattern&quot;:&quot;Caption&quot;}\" data-include-experiments=\"true\">Senderos para descubrir el pasado y presente de Espa\u00f1a.<\/p>\n<p><span class=\"BaseWrap-sc-TURhJ BaseText-fFzBQt CaptionText-cOFJqa eTiIvU hyjruo hTa-dbB caption__text\">\u00a0<\/span><span class=\"BaseWrap-sc-TURhJ BaseText-fFzBQt CaptionCredit-cTdqxu eTiIvU bViDIW iHbDSe caption__credit\">Alamy<\/span><\/figcaption><\/figure>\n<div class=\"ConsumerMarketingUnitThemedWrapper-kkMeXf hBFNZw consumer-marketing-unit consumer-marketing-unit--article-mid-content\" role=\"presentation\" aria-hidden=\"true\">\n<div class=\"journey-unit\"><\/div>\n<\/div>\n<p>Este \u00faltimo a\u00f1o nos hemos podido percatar de los tesoros que guarda a buen recaudo nuestro pa\u00eds.\u00a0<strong>La Espa\u00f1a rural ya ha conquistado a cientos de viajeros<\/strong>, pero cuando se une a la historia y la cultura, se convierte, m\u00e1s que en un viaje, en un cuento.\u00a0<strong><a class=\"external-link\" href=\"https:\/\/www.spainculturalroutes.com\/\" target=\"_blank\" rel=\"nofollow noopener\" data-offer-url=\"https:\/\/www.spainculturalroutes.com\/\" data-event-click=\"{&quot;element&quot;:&quot;ExternalLink&quot;,&quot;outgoingURL&quot;:&quot;https:\/\/www.spainculturalroutes.com\/&quot;}\">\u2018Rutas Culturales de Espa\u00f1a\u2019<\/a><\/strong>\u00a0nace de esta manera como un proyecto para adentrarnos en las entra\u00f1as de la pen\u00ednsula,\u00a0<strong>volver al pasado, recorrer escenas hist\u00f3ricas y conocer sus tradiciones<\/strong>.<\/p>\n<p>No solo es una puerta abierta al Imperio romano o a la Edad Media, sino una manera de llevar a cabo\u00a0<strong>esas visitas obligatorias que son\u00a0<a href=\"https:\/\/www.traveler.es\/experiencias\/articulos\/mapa-mundo-lugares-patrimonio-humanidad\/11586\" rel=\"nofollow noopener\" target=\"_blank\">Patrimonio de la Humanidad<\/a><\/strong>. Repartidos entre los diferentes trayectos, se esconden\u00a0<strong>22 de los 48 sitios espa\u00f1oles<\/strong>\u00a0incluidos en esta lista.\u00a0<strong>La Cueva de Altamira, el \u00c1rea arqueol\u00f3gica de Siega Verde en Salamanca<\/strong>\u00a0o el arte rupestre del Levante espa\u00f1ol ser\u00e1n algunos de los lugares que encierran estas rutas.<\/p>\n<div class=\"AdWrapper-fFweuL dIvDeZ ad ad--in-content\">\n<div class=\"ad__slot ad__slot--in-content\" data-node-id=\"cs4w4\"><\/div>\n<\/div>\n<p>De norte a sur y de este a oeste, los itinerarios van explorando\u00a0<strong>cada uno de los episodios de Espa\u00f1a<\/strong>\u00a0y los caminos que siguieron. Se trata de senderos para hacer\u00a0<strong>en familia, con amigos o en soledad<\/strong>, la compa\u00f1\u00eda la elige el viajero. Pero tambi\u00e9n el transporte, ya que est\u00e1n habilitados para realizar\u00a0<strong>en moto, bicicleta, coche, autocaravana o incluso andand<\/strong>o.<\/p>\n<div class=\"Container-imGeBO ftlPuP\" data-event-boundary=\"click\" data-event-click=\"{&quot;pattern&quot;:&quot;CNEInterludeEmbed&quot;}\" data-in-view=\"{&quot;pattern&quot;:&quot;CNEInterludeEmbed&quot;}\" data-include-experiments=\"true\"><\/div>\n<p><strong>\u00bfPOR D\u00d3NDE EMPEZAR?<\/strong><\/p>\n<p><strong>Cinco rutas y doce comunidades aut\u00f3nomas participantes<\/strong>\u00a0se encargar\u00e1n de que conozcas palmo a palmo los entresijos del pa\u00eds mediante la tem\u00e1tica que desees. Para seguir un orden cron\u00f3logico, las Rutas Culturales de Espa\u00f1a nos trasladan, en primer lugar a\u00a0<strong>la prehistoria mediante las\u00a0<a class=\"external-link\" href=\"http:\/\/www.prehistour.eu\/carp-route\/\" target=\"_blank\" rel=\"nofollow noopener\" data-offer-url=\"http:\/\/www.prehistour.eu\/carp-route\/\" data-event-click=\"{&quot;element&quot;:&quot;ExternalLink&quot;,&quot;outgoingURL&quot;:&quot;http:\/\/www.prehistour.eu\/carp-route\/&quot;}\">Rutas Rupestres de Espa\u00f1a<\/a>, encargadas de dar a conocer el nacimiento del arte<\/strong>.<\/p>\n<div class=\"inline-recirc-wrapper inline-recirc-observer-target-1 viewport-monitor-anchor\" data-attr-viewport-monitor=\"inline-recirc\" data-event-boundary=\"click\" data-event-click=\"{&quot;pattern&quot;:&quot;InlineRecirc&quot;}\" data-in-view=\"{&quot;pattern&quot;:&quot;InlineRecirc&quot;}\" data-include-experiments=\"true\"><\/div>\n<p>Estas sendas recorren\u00a0<strong>13 comunidades siguiendo los pasos del nacimiento de la pintura<\/strong>. Est\u00e1n dispuestas en peque\u00f1os itinerarios de entre dos y tres d\u00edas,\u00a0<strong>organizados en 14 rutas que siguen un motivo tem\u00e1tico o regional<\/strong>. Entre los diferentes destinos,\u00a0<strong>los viajeros tambi\u00e9n acudir\u00e1n a museos y centros de interpretaci\u00f3n<\/strong>\u00a0en los que el principal objetivo es dar a conocer el arte rupestre de la Prehistoria.<\/p>\n<\/div>\n<\/div>\n<\/div>\n<div class=\"GridItem-buSdEM gKfJBS grid--item grid-layout__aside\">\n<div class=\"StickyBoxWrapper-euhCxU dCIpTq sticky-box\">\n<div class=\"StickyBoxPrimary-fEgDcn dFVkFO sticky-box__primary\">\n<div class=\"Container-imGeBO ftlPuP\" data-event-boundary=\"click\" data-event-click=\"{&quot;pattern&quot;:&quot;CNEInterludeEmbed&quot;}\" data-in-view=\"{&quot;pattern&quot;:&quot;CNEInterludeEmbed&quot;}\" data-include-experiments=\"true\"><\/div>\n<div class=\"ConsumerMarketingUnitThemedWrapper-kkMeXf hBFNZw consumer-marketing-unit consumer-marketing-unit--display-rail\" role=\"presentation\" aria-hidden=\"true\">\n<div class=\"consumer-marketing-unit__slot consumer-marketing-unit__slot--display-rail\"><\/div>\n<div class=\"journey-unit\"><\/div>\n<\/div>\n<\/div>\n<div class=\"StickyBoxPlaceholder-jNQMsI laMCLq\"><\/div>\n<\/div>\n<\/div>\n<\/div>\n<div class=\"GridWrapper-vNBSO jMumET grid grid-margins grid-items-2 ArticlePageChunksGrid-kRgPDq DBpfE grid-layout--adrail narrow wide-adrail\">\n<div class=\"GridItem-buSdEM PibmB grid--item grid-layout__content\">\n<div class=\"BaseWrap-sc-TURhJ BodyWrapper-ctnerm eTiIvU giAexF body body__container article__body\" data-journey-hook=\"client-content\" data-testid=\"BodyWrapper\">\n<div class=\"body__inner-container\">\n<figure class=\"AssetEmbedWrapper-iLfYbx iclJOW asset-embed\">\n<div class=\"BaseWrap-sc-TURhJ AssetEmbedAssetContainer-fogSSF eTiIvU asset-embed__asset-container\"><span class=\"BaseWrap-sc-TURhJ SpanWrapper-kGGzGm eTiIvU fCMktF responsive-asset AssetEmbedResponsiveAsset-eqsnW ehcXJi asset-embed__responsive-asset\"><picture class=\"ResponsiveImagePicture-jIKgcS fArnhQ AssetEmbedResponsiveAsset-eqsnW ehcXJi asset-embed__responsive-asset responsive-image\"><img decoding=\"async\" class=\"ResponsiveImageContainer-dlOMGF byslZC responsive-image__image\" src=\"https:\/\/media.traveler.es\/photos\/613760f172cad4b2dbd5d306\/master\/w_1600%2Cc_limit\/204260.jpg\" sizes=\"100vw\" srcset=\"https:\/\/media.traveler.es\/photos\/613760f172cad4b2dbd5d306\/master\/w_120,c_limit\/204260.jpg 120w, https:\/\/media.traveler.es\/photos\/613760f172cad4b2dbd5d306\/master\/w_240,c_limit\/204260.jpg 240w, https:\/\/media.traveler.es\/photos\/613760f172cad4b2dbd5d306\/master\/w_320,c_limit\/204260.jpg 320w, https:\/\/media.traveler.es\/photos\/613760f172cad4b2dbd5d306\/master\/w_640,c_limit\/204260.jpg 640w, https:\/\/media.traveler.es\/photos\/613760f172cad4b2dbd5d306\/master\/w_960,c_limit\/204260.jpg 960w, https:\/\/media.traveler.es\/photos\/613760f172cad4b2dbd5d306\/master\/w_1280,c_limit\/204260.jpg 1280w, https:\/\/media.traveler.es\/photos\/613760f172cad4b2dbd5d306\/master\/w_1600,c_limit\/204260.jpg 1600w\" alt=\"Fortaleza califal de Gormaz\" title=\"\"><\/picture><\/span><\/div><figcaption class=\"BaseWrap-sc-TURhJ CaptionWrapper-brisHk cvqUss bsvkuO caption AssetEmbedCaption-eXYFag dtpzfQ asset-embed__caption\" data-event-boundary=\"click\" data-event-click=\"{&quot;pattern&quot;:&quot;Caption&quot;}\" data-in-view=\"{&quot;pattern&quot;:&quot;Caption&quot;}\" data-include-experiments=\"true\">Hasta la Fortaleza califal de Gormaz llegamos tras los pasos del Cid.<\/p>\n<p><span class=\"BaseWrap-sc-TURhJ BaseText-fFzBQt CaptionText-cOFJqa eTiIvU hyjruo hTa-dbB caption__text\">\u00a0<\/span><span class=\"BaseWrap-sc-TURhJ BaseText-fFzBQt CaptionCredit-cTdqxu eTiIvU bViDIW iHbDSe caption__credit\">mauritius images GmbH \/ Alamy Stock Photo<\/span><\/figcaption><\/figure>\n<p>Los itinerario cant\u00e1bricos de <strong>las cuevas del pa\u00eds de Altamira<\/strong>, la ruta de\u00a0<strong>los Petroglifos de las Terras de Pontevedra<\/strong>, las rutas rupestres de Castilla y Le\u00f3n, la ruta de\u00a0<strong>los Abrigos Rupestres de La Mancha o la Extremadura prehist\u00f3rica<\/strong>\u00a0ser\u00e1n algunos de los trayectos que con los que se podr\u00e1 visitar el primer arte de la Humanidad.<\/p>\n<p><strong>Los amantes del deporte y la naturaleza se decantar\u00e1n por la\u00a0<a class=\"external-link\" href=\"https:\/\/rutadelaplata.com\/\" target=\"_blank\" rel=\"nofollow noopener\" data-offer-url=\"https:\/\/rutadelaplata.com\/\" data-event-click=\"{&quot;element&quot;:&quot;ExternalLink&quot;,&quot;outgoingURL&quot;:&quot;https:\/\/rutadelaplata.com\/&quot;}\">Ruta V\u00eda de la Plata<\/a>.<\/strong>\u00a0El camino que sigue encarn\u00f3 una de las principales v\u00edas de comunicaci\u00f3n de los romanos. Se trata de\u00a0<strong>m\u00e1s de 800 kil\u00f3metros de recorrido a lo largo de 4 regiones y 7 provincias<\/strong>: Sevilla, Badajoz, C\u00e1ceres, Salamanca, Zamora, Le\u00f3n y Asturias. La historia que encontrar\u00e1s en el trayecto se tornar\u00e1 de manera diferente dependiendo del lugar desde el que lo emprendas.<\/p>\n<p><strong>En esta opci\u00f3n destaca la diversidad.<\/strong>\u00a0En primer lugar, en cuanto a sus paisajes, una manera de profundizar en la cara m\u00e1s rural de Espa\u00f1a.\u00a0<strong>Te ir\u00e1s topando con la Vega del Guadalquivir, sierra Morena o las dehesas Guadiana y Tajo<\/strong>, adem\u00e1s de incluir cuatro\u00a0<strong>Reservas de la Biosfera y dos Parques Naturales<\/strong>.<\/p>\n<p><strong>Los transportes m\u00e1s populares para recorrerla han sido la moto y la bicicleta<\/strong>, pero el senderismo es otra de las mejores opciones.\u00a0<strong>Entre el legado \u00e1rabe de Andaluc\u00eda, el barroco sevillano, el g\u00f3tico zamorano o el romano extreme\u00f1o<\/strong>, la Ruta V\u00eda de la Plata tambi\u00e9n tiene lugar para\u00a0<strong>el medio acu\u00e1tico, campos de golf y hasta estaciones de esqu\u00ed<\/strong>. Un viaje completo que se perfecciona con las paradas gastron\u00f3micas.<\/p>\n<figure class=\"AssetEmbedWrapper-iLfYbx iclJOW asset-embed\">\n<div class=\"BaseWrap-sc-TURhJ AssetEmbedAssetContainer-fogSSF eTiIvU asset-embed__asset-container\"><span class=\"BaseWrap-sc-TURhJ SpanWrapper-kGGzGm eTiIvU fCMktF responsive-asset AssetEmbedResponsiveAsset-eqsnW ehcXJi asset-embed__responsive-asset\"><picture class=\"ResponsiveImagePicture-jIKgcS fArnhQ AssetEmbedResponsiveAsset-eqsnW ehcXJi asset-embed__responsive-asset responsive-image\"><img decoding=\"async\" class=\"ResponsiveImageContainer-dlOMGF byslZC responsive-image__image\" src=\"https:\/\/media.traveler.es\/photos\/613760f1c6202df75915f533\/master\/w_1600%2Cc_limit\/204259.jpg\" sizes=\"100vw\" srcset=\"https:\/\/media.traveler.es\/photos\/613760f1c6202df75915f533\/master\/w_120,c_limit\/204259.jpg 120w, https:\/\/media.traveler.es\/photos\/613760f1c6202df75915f533\/master\/w_240,c_limit\/204259.jpg 240w, https:\/\/media.traveler.es\/photos\/613760f1c6202df75915f533\/master\/w_320,c_limit\/204259.jpg 320w, https:\/\/media.traveler.es\/photos\/613760f1c6202df75915f533\/master\/w_640,c_limit\/204259.jpg 640w, https:\/\/media.traveler.es\/photos\/613760f1c6202df75915f533\/master\/w_960,c_limit\/204259.jpg 960w, https:\/\/media.traveler.es\/photos\/613760f1c6202df75915f533\/master\/w_1280,c_limit\/204259.jpg 1280w, https:\/\/media.traveler.es\/photos\/613760f1c6202df75915f533\/master\/w_1600,c_limit\/204259.jpg 1600w\" alt=\"Una mujer pasa por delante de la catedral de Zamora\" title=\"\"><\/picture><\/span><\/div><figcaption class=\"BaseWrap-sc-TURhJ CaptionWrapper-brisHk cvqUss bsvkuO caption AssetEmbedCaption-eXYFag dtpzfQ asset-embed__caption\" data-event-boundary=\"click\" data-event-click=\"{&quot;pattern&quot;:&quot;Caption&quot;}\" data-in-view=\"{&quot;pattern&quot;:&quot;Caption&quot;}\" data-include-experiments=\"true\">Zamora es una de las paradas de la Ruta V\u00eda de la Plata.<\/p>\n<p><span class=\"BaseWrap-sc-TURhJ BaseText-fFzBQt CaptionText-cOFJqa eTiIvU hyjruo hTa-dbB caption__text\">\u00a0<\/span><span class=\"BaseWrap-sc-TURhJ BaseText-fFzBQt CaptionCredit-cTdqxu eTiIvU bViDIW iHbDSe caption__credit\">iStock<\/span><\/figcaption><\/figure>\n<\/div>\n<\/div>\n<\/div>\n<div class=\"GridItem-buSdEM gKfJBS grid--item grid-layout__aside\">\n<div class=\"StickyBoxWrapper-euhCxU duhIvo sticky-box\">\n<div class=\"StickyBoxPrimary-fEgDcn dFVkFO sticky-box__primary\">\n<div class=\"RecircMostPopularWrapper-laeRwu hArRvK recirc-most-popular-wrapper viewport-monitor-anchor\" data-attr-viewport-monitor=\"\" data-event-boundary=\"click\" data-event-click=\"{&quot;pattern&quot;:&quot;RecircMostPopular&quot;}\" data-in-view=\"{&quot;pattern&quot;:&quot;RecircMostPopular&quot;}\" data-include-experiments=\"true\">\n<div class=\"BaseWrap-sc-TURhJ RecircMostPopularContiner-hghWoX eTiIvU XlwWs recirc-most-popular-sparrow-tracking hide-aside-ad\" data-most-popular-id=\"mod-most-popular-1\">\n<div class=\"SummaryItemWrapper-gdEuvf bfxSje summary-item summary-item--has-border summary-item--article summary-item--no-icon summary-item--text-align-left summary-item--layout-placement-side-by-side summary-item--layout-position-image-left summary-item--layout-proportions-33-66 summary-item--side-by-side-align-center summary-item--standard BaseWrap-sc-TURhJ RecircMostPopularSummaryItem-bqCFHs eTiIvU cjiZoN\" tabindex=\"0\" role=\"button\" data-event-boundary=\"click\" data-event-click=\"{&quot;pattern&quot;:&quot;SummaryItem&quot;}\" data-in-view=\"{&quot;pattern&quot;:&quot;SummaryItem&quot;}\" data-include-experiments=\"true\">\n<div class=\"SummaryItemContent-gYA-Dbp cuLHhA summary-item__content\">\n<div class=\"SummaryItemBylineWrapper-bdFVxa jszrBb summary-item__byline-date-icon\">\n<div class=\"SummaryItemBaseByline-cVuOEc kyVreo summary-item__byline\">\n<div class=\"summary-item__byline__content\">\n<div class=\"BaseWrap-sc-TURhJ BylinesWrapper-hkFqmg eTiIvU bylines\" data-testid=\"BylinesWrapper\">\n<p class=\"BylineWrapper-iiTsTb fCVVrY byline bylines__byline\" style=\"text-align: left;\" data-testid=\"BylineWrapper\">Libro en mano y actitud de caballero para adentrarse <strong>en la siguiente ruta,\u00a0<a class=\"external-link\" href=\"https:\/\/www.caminodelcid.org\/\" target=\"_blank\" rel=\"nofollow noopener\" data-offer-url=\"https:\/\/www.caminodelcid.org\/\" data-event-click=\"{&quot;element&quot;:&quot;ExternalLink&quot;,&quot;outgoingURL&quot;:&quot;https:\/\/www.caminodelcid.org\/&quot;}\">el Camino del Cid<\/a><\/strong>. Este itinerario est\u00e1 hecho para\u00a0<strong>fantasear a trav\u00e9s de la literatura y sus escenarios<\/strong>. Los viajeros que se aventuren en el trayecto,\u00a0<strong>seguir\u00e1n los pasos de Rodrigo D\u00edaz de Vivar<\/strong>\u00a0e ir\u00e1n pasando por los distintos episodios narrados en el\u00a0<em>Cantar<\/em>.<\/p>\n<\/div>\n<\/div>\n<\/div>\n<\/div>\n<\/div>\n<\/div>\n<\/div>\n<\/div>\n<\/div>\n<\/div>\n<\/div>\n<\/div>\n<div class=\"GridWrapper-vNBSO jMumET grid grid-margins grid-items-2 ArticlePageChunksGrid-kRgPDq DBpfE grid-layout--adrail narrow wide-adrail\">\n<div class=\"GridItem-buSdEM PibmB grid--item grid-layout__content\">\n<div class=\"BaseWrap-sc-TURhJ BodyWrapper-ctnerm eTiIvU giAexF body body__container article__body\" data-journey-hook=\"client-content\" data-testid=\"BodyWrapper\">\n<div class=\"body__inner-container\">\n<p>Quiz\u00e1s sea una de las m\u00e1s extensas,\u00a0<strong>con 2.000 kil\u00f3metros de carreteras y 1.400 kil\u00f3metros de senderos<\/strong>. Es por ello que, para facilitarnos la escapada, se encuentra\u00a0<strong>dividida en 11 rutas tem\u00e1ticas y estas, a su vez, en cuatro modalidades a elegir<\/strong>: a pie, en bicicleta a trav\u00e9s de los caminos, en bicicleta siguiendo las carreteras secundarias, y en coche o moto.<\/p>\n<p>Recorrer el Camino del Cid es meterse en el papel de un aut\u00e9ntico caballero medieval,\u00a0<strong>de castillo en castillo hasta llegar hasta los m\u00e1s de 200 que posee<\/strong>. A trav\u00e9s de Castilla y Le\u00f3n, Castilla-La Mancha, Arag\u00f3n y la Comunidad Valenciana, los viajeros podr\u00e1n tachar de su lista\u00a0<strong>ocho Patrimonios de la Humanidad<\/strong>. Quiz\u00e1s nos falten el caballo y la armadura, pero la actitud es lo que cuenta.<\/p>\n<div class=\"inline-recirc-wrapper inline-recirc-observer-target-2 viewport-monitor-anchor\" data-attr-viewport-monitor=\"inline-recirc\" data-event-boundary=\"click\" data-event-click=\"{&quot;pattern&quot;:&quot;InlineRecirc&quot;}\" data-in-view=\"{&quot;pattern&quot;:&quot;InlineRecirc&quot;}\" data-include-experiments=\"true\"><\/div>\n<p>De los pasos de Rodrigo\u00a0<strong>nos vamos\u00a0<a class=\"external-link\" href=\"http:\/\/www.itineracarolusv.eu\/\" target=\"_blank\" rel=\"nofollow noopener\" data-offer-url=\"http:\/\/www.itineracarolusv.eu\/\" data-event-click=\"{&quot;element&quot;:&quot;ExternalLink&quot;,&quot;outgoingURL&quot;:&quot;http:\/\/www.itineracarolusv.eu\/&quot;}\">tras las huellas de Carlos V<\/a><\/strong>. Historia y gastronom\u00eda son los puntos fuertes de una ruta que se articula en forma de cap\u00edtulos\u00a0<strong>que simulan los viajes del emperador<\/strong>.\u00a0<em>La llegada del Pr\u00edncipe Carlos, la Coronaci\u00f3n como Emperador, la Ruta de los Monasterios, la Ruta de Carlos V e Isabel de Portugal<\/em>\u00a0y\u00a0<em>El \u00daltimo Viaje<\/em>. Todos ello, atravesando\u00a0<strong>lugares como Toledo, Guadalupe, Granada o el Monasterio de Yuste<\/strong>\u00a0hasta llegar a m\u00e1s de 50 ciudades y lugares hist\u00f3ricos.<\/p>\n<figure class=\"AssetEmbedWrapper-iLfYbx iclJOW asset-embed\">\n<div class=\"BaseWrap-sc-TURhJ AssetEmbedAssetContainer-fogSSF eTiIvU asset-embed__asset-container\"><span class=\"BaseWrap-sc-TURhJ SpanWrapper-kGGzGm eTiIvU fCMktF responsive-asset AssetEmbedResponsiveAsset-eqsnW ehcXJi asset-embed__responsive-asset\"><picture class=\"ResponsiveImagePicture-jIKgcS fArnhQ AssetEmbedResponsiveAsset-eqsnW ehcXJi asset-embed__responsive-asset responsive-image\"><img decoding=\"async\" class=\"ResponsiveImageContainer-dlOMGF byslZC responsive-image__image\" src=\"https:\/\/media.traveler.es\/photos\/613760f1fd8ea62e2db309e5\/master\/w_1600%2Cc_limit\/204261.jpg\" sizes=\"100vw\" srcset=\"https:\/\/media.traveler.es\/photos\/613760f1fd8ea62e2db309e5\/master\/w_120,c_limit\/204261.jpg 120w, https:\/\/media.traveler.es\/photos\/613760f1fd8ea62e2db309e5\/master\/w_240,c_limit\/204261.jpg 240w, https:\/\/media.traveler.es\/photos\/613760f1fd8ea62e2db309e5\/master\/w_320,c_limit\/204261.jpg 320w, https:\/\/media.traveler.es\/photos\/613760f1fd8ea62e2db309e5\/master\/w_640,c_limit\/204261.jpg 640w, https:\/\/media.traveler.es\/photos\/613760f1fd8ea62e2db309e5\/master\/w_960,c_limit\/204261.jpg 960w, https:\/\/media.traveler.es\/photos\/613760f1fd8ea62e2db309e5\/master\/w_1280,c_limit\/204261.jpg 1280w, https:\/\/media.traveler.es\/photos\/613760f1fd8ea62e2db309e5\/master\/w_1600,c_limit\/204261.jpg 1600w\" alt=\"Ampudia\" title=\"\"><\/picture><\/span><\/div><figcaption class=\"BaseWrap-sc-TURhJ CaptionWrapper-brisHk cvqUss bsvkuO caption AssetEmbedCaption-eXYFag dtpzfQ asset-embed__caption\" data-event-boundary=\"click\" data-event-click=\"{&quot;pattern&quot;:&quot;Caption&quot;}\" data-in-view=\"{&quot;pattern&quot;:&quot;Caption&quot;}\" data-include-experiments=\"true\">En la ruta de Carlos V, te sentir\u00e1s como un aut\u00e9ntico emperador en lugares como Ampudia.<\/p>\n<p><span class=\"BaseWrap-sc-TURhJ BaseText-fFzBQt CaptionText-cOFJqa eTiIvU hyjruo hTa-dbB caption__text\">\u00a0<\/span><span class=\"BaseWrap-sc-TURhJ BaseText-fFzBQt CaptionCredit-cTdqxu eTiIvU bViDIW iHbDSe caption__credit\">Thinkstock. Texto: Javier Zori del Amo<\/span><\/figcaption><\/figure>\n<\/div>\n<\/div>\n<\/div>\n<div class=\"GridItem-buSdEM gKfJBS grid--item grid-layout__aside\">\n<div class=\"StickyBoxWrapper-euhCxU duhIvo sticky-box\">\n<div class=\"StickyBoxPrimary-fEgDcn dFVkFO sticky-box__primary\">\n<div class=\"ConsumerMarketingUnitThemedWrapper-kkMeXf hBFNZw consumer-marketing-unit consumer-marketing-unit--display-rail\" role=\"presentation\" aria-hidden=\"true\">\n<div class=\"consumer-marketing-unit__slot consumer-marketing-unit__slot--display-rail\"><\/div>\n<\/div>\n<div class=\"RecircMostPopularWrapper-laeRwu hArRvK recirc-most-popular-wrapper viewport-monitor-anchor\" data-attr-viewport-monitor=\"\" data-event-boundary=\"click\" data-event-click=\"{&quot;pattern&quot;:&quot;RecircMostPopular&quot;}\" data-in-view=\"{&quot;pattern&quot;:&quot;RecircMostPopular&quot;}\" data-include-experiments=\"true\"><\/div>\n<\/div>\n<div class=\"StickyBoxPlaceholder-jNQMsI laMCLq\"><\/div>\n<\/div>\n<\/div>\n<\/div>\n<div class=\"GridWrapper-vNBSO jMumET grid grid-margins grid-items-2 ArticlePageChunksGrid-kRgPDq DBpfE grid-layout--adrail narrow wide-adrail\">\n<div class=\"GridItem-buSdEM PibmB grid--item grid-layout__content\">\n<div class=\"BaseWrap-sc-TURhJ BodyWrapper-ctnerm eTiIvU giAexF body body__container article__body\" data-journey-hook=\"client-content\" data-testid=\"BodyWrapper\">\n<div class=\"body__inner-container\">\n<p>A esos destinos que se encargan de repasar la biograf\u00eda de Carlos V, se unen\u00a0<strong>enclaves naturales como el Valle del Jerte o la Pe\u00f1aranda de Bracamonte<\/strong>. Pero quiz\u00e1s uno de los puntos m\u00e1s fuertes de esta ruta sea\u00a0<strong>su poder gastron\u00f3mico<\/strong>. Con la colaboraci\u00f3n de diferentes chefs,\u00a0<strong>se ha recreado el recetario del emperador del siglo XVI adaptado a los gustos actuales<\/strong>. Los amantes de la cocina se dar\u00e1n un fest\u00edn con los\u00a0<strong>pescados al horno de la costa cant\u00e1brica o los guisos y carnes de Castilla y Le\u00f3n<\/strong>, entre otros.<\/p>\n<p>Y por \u00faltimo, las rutas\u00a0<strong>nos desplazan directamente a Andaluc\u00eda<\/strong>. Para aquellos que prefieran\u00a0<strong>conocer los destinos a golpe de tradici\u00f3n,\u00a0<a class=\"external-link\" href=\"https:\/\/www.caminosdepasion.com\/\" target=\"_blank\" rel=\"nofollow noopener\" data-offer-url=\"https:\/\/www.caminosdepasion.com\/\" data-event-click=\"{&quot;element&quot;:&quot;ExternalLink&quot;,&quot;outgoingURL&quot;:&quot;https:\/\/www.caminosdepasion.com\/&quot;}\">Caminos de Pasi\u00f3n<\/a><\/strong>\u00a0es un itinerario que mira de cerca las costumbres y el modo de vida,\u00a0<strong>concretamente, de la Semana Santa<\/strong>. Desde Utrera hasta Alcal\u00e1 la Real, el viajero hace parada en\u00a0<strong>cada uno de los pueblos del interior de la comunidad, haciendo hincapi\u00e9 en sus h\u00e1bitos y gastronom\u00eda<\/strong>.<\/p>\n<p>Tanto naturaleza en estado puro, como una buena dosis de patrimonio,\u00a0<strong>Caminos de Pasi\u00f3n se centra en la vida local, en la artesan\u00eda y en el estilo de vida<\/strong>, a la vez que recorre lugares como\u00a0<strong>el Castillo de los Condes de Cabra, Las once Torres de \u00c9cija o la Fortaleza de la Mota en Alcal\u00e1 la Real<\/strong>. Las iglesias y conventos de cada una de las localidades conforman tambi\u00e9n uno de los mayores atractivos de la ruta.<\/p>\n<figure class=\"AssetEmbedWrapper-iLfYbx iclJOW asset-embed\">\n<div class=\"BaseWrap-sc-TURhJ AssetEmbedAssetContainer-fogSSF eTiIvU asset-embed__asset-container\"><span class=\"BaseWrap-sc-TURhJ SpanWrapper-kGGzGm eTiIvU fCMktF responsive-asset AssetEmbedResponsiveAsset-eqsnW ehcXJi asset-embed__responsive-asset\"><picture class=\"ResponsiveImagePicture-jIKgcS fArnhQ AssetEmbedResponsiveAsset-eqsnW ehcXJi asset-embed__responsive-asset responsive-image\"><img decoding=\"async\" class=\"ResponsiveImageContainer-dlOMGF byslZC responsive-image__image\" src=\"https:\/\/media.traveler.es\/photos\/613760f106df43bef2d30008\/master\/w_1600%2Cc_limit\/204262.jpg\" sizes=\"100vw\" srcset=\"https:\/\/media.traveler.es\/photos\/613760f106df43bef2d30008\/master\/w_120,c_limit\/204262.jpg 120w, https:\/\/media.traveler.es\/photos\/613760f106df43bef2d30008\/master\/w_240,c_limit\/204262.jpg 240w, https:\/\/media.traveler.es\/photos\/613760f106df43bef2d30008\/master\/w_320,c_limit\/204262.jpg 320w, https:\/\/media.traveler.es\/photos\/613760f106df43bef2d30008\/master\/w_640,c_limit\/204262.jpg 640w, https:\/\/media.traveler.es\/photos\/613760f106df43bef2d30008\/master\/w_960,c_limit\/204262.jpg 960w, https:\/\/media.traveler.es\/photos\/613760f106df43bef2d30008\/master\/w_1280,c_limit\/204262.jpg 1280w, https:\/\/media.traveler.es\/photos\/613760f106df43bef2d30008\/master\/w_1600,c_limit\/204262.jpg 1600w\" alt=\"Fortaleza de la Mota Alcal la Real\" title=\"\"><\/picture><\/span><\/div><figcaption class=\"BaseWrap-sc-TURhJ CaptionWrapper-brisHk cvqUss bsvkuO caption AssetEmbedCaption-eXYFag dtpzfQ asset-embed__caption\" data-event-boundary=\"click\" data-event-click=\"{&quot;pattern&quot;:&quot;Caption&quot;}\" data-in-view=\"{&quot;pattern&quot;:&quot;Caption&quot;}\" data-include-experiments=\"true\">Ad\u00e9ntrate en Alcal\u00e1 la Real de la mano de Caminos de la Pasi\u00f3n.<\/p>\n<p><span class=\"BaseWrap-sc-TURhJ BaseText-fFzBQt CaptionText-cOFJqa eTiIvU hyjruo hTa-dbB caption__text\">\u00a0<\/span><span class=\"BaseWrap-sc-TURhJ BaseText-fFzBQt CaptionCredit-cTdqxu eTiIvU bViDIW iHbDSe caption__credit\">Alamy<\/span><\/figcaption><\/figure>\n<p>Trat\u00e1ndose de Andaluc\u00eda, l\u00f3gicamente hay que dejar hueco para\u00a0<strong>dos de sus productos estrella: el aceite y el vino<\/strong>. Para los viajeros con paladar, la ruta incluye\u00a0<strong>visitas a explotaciones agr\u00edcolas, catas<\/strong>\u00a0y diversas actividades que giran en torno a la gastronom\u00eda, en la que tambi\u00e9n\u00a0<strong>hay hueco incluso para la reposter\u00eda<\/strong>.<\/p>\n<\/div>\n<\/div>\n<\/div>\n<div class=\"GridItem-buSdEM gKfJBS grid--item grid-layout__aside\">\n<div class=\"StickyBoxWrapper-euhCxU duhIvo sticky-box\">\n<div class=\"StickyBoxPrimary-fEgDcn dFVkFO sticky-box__primary\">\n<div class=\"ConsumerMarketingUnitThemedWrapper-kkMeXf hBFNZw consumer-marketing-unit consumer-marketing-unit--display-rail\" role=\"presentation\" aria-hidden=\"true\">\n<div class=\"journey-unit\"><\/div>\n<\/div>\n<div class=\"RecircMostPopularWrapper-laeRwu hArRvK recirc-most-popular-wrapper viewport-monitor-anchor\" data-attr-viewport-monitor=\"\" data-event-boundary=\"click\" data-event-click=\"{&quot;pattern&quot;:&quot;RecircMostPopular&quot;}\" data-in-view=\"{&quot;pattern&quot;:&quot;RecircMostPopular&quot;}\" data-include-experiments=\"true\">\n<div class=\"BaseWrap-sc-TURhJ RecircMostPopularContiner-hghWoX eTiIvU XlwWs recirc-most-popular-sparrow-tracking hide-aside-ad\" data-most-popular-id=\"mod-most-popular-3\">\n<p>Quiz\u00e1s pensaste que para recorrer Espa\u00f1a a pie solo dispon\u00edas del Camino de Santiago, pero lo cierto es que hay numerosas opciones para viajar siglos atr\u00e1s en nuestro pa\u00eds. <strong><a class=\"external-link\" href=\"https:\/\/www.spainculturalroutes.com\/\" target=\"_blank\" rel=\"nofollow noopener\" data-offer-url=\"https:\/\/www.spainculturalroutes.com\/\" data-event-click=\"{&quot;element&quot;:&quot;ExternalLink&quot;,&quot;outgoingURL&quot;:&quot;https:\/\/www.spainculturalroutes.com\/&quot;}\">\u2018Rutas Culturales de Espa\u00f1a\u2019<\/a>\u00a0abre un abanico de posibilidades para aquellos amantes de la historia, la cultura y la gastronom\u00eda<\/strong>, y para los que prefieren visitar a fuego lento, paso a paso. Una oportunidad para\u00a0<strong>no dejar ni un resquicio de la pen\u00ednsula por recorrer<\/strong>\u00a0pero, adem\u00e1s, hacerlo a modo de pel\u00edcula, en la piel de los personajes que conformaron sus leyendas.\u00a0<strong>Ya lanz\u00e1bamos la pregunta al inicio, \u00bfpor d\u00f3nde vas a empezar?<\/strong><\/p>\n<p><a href=\"https:\/\/www.traveler.es\/video\/watch\/carta-de-amor-a-espana\" rel=\"nofollow noopener\" target=\"_blank\"><em><strong>CARTA DE AMOR A ESPA\u00d1A<\/strong><\/em><\/a><\/p>\n<\/div>\n<\/div>\n<\/div>\n<\/div>\n<\/div>\n<\/div>\n<\/div>\n<\/div>\n<\/div>\n","protected":false},"excerpt":{"rendered":"<p>Tarea para realizar en grupo: &nbsp; Presentaci\u00f3n del tema. Lluvia de ideas en la pizarra:\u00bfQu\u00e9 es una ruta cultural? Preguntas individuales sobre qu\u00e9 te gusta hacer en una ruta cultural. Trabajo en grupo: texto (explotaci\u00f3n did\u00e1ctica) + mapa de Espa\u00f1a + dispositivo Presentaci\u00f3n de los resultados al resto de la clase. Final del trabajo con&hellip;<\/p>\n","protected":false},"author":2,"featured_media":0,"comment_status":"open","ping_status":"closed","sticky":false,"template":"","format":"standard","meta":{"footnotes":""},"categories":[305],"tags":[329,321,322,348,331,342,332,335,325,336,338],"class_list":["post-5071","post","type-post","status-publish","format-standard","hentry","category-spanish-translation","tag-aprendizaje-colaborativo-en","tag-competencia-comunicativa-en","tag-competencia-sociocultural-en","tag-ele-c1-c2-en","tag-ensenanza-aprendizaje-en","tag-espanolcomunicativo","tag-estilo-de-ensenanza-en","tag-habilidades-comunicativas-en","tag-marco-comun-europeo-de-referencia-para-las-lenguas-en","tag-plan-curricular-del-instituto-cervantes-en","tag-spanishteacherpro","category-305","description-off"],"_links":{"self":[{"href":"https:\/\/spanishteacher.pro\/en\/wp-json\/wp\/v2\/posts\/5071","targetHints":{"allow":["GET"]}}],"collection":[{"href":"https:\/\/spanishteacher.pro\/en\/wp-json\/wp\/v2\/posts"}],"about":[{"href":"https:\/\/spanishteacher.pro\/en\/wp-json\/wp\/v2\/types\/post"}],"author":[{"embeddable":true,"href":"https:\/\/spanishteacher.pro\/en\/wp-json\/wp\/v2\/users\/2"}],"replies":[{"embeddable":true,"href":"https:\/\/spanishteacher.pro\/en\/wp-json\/wp\/v2\/comments?post=5071"}],"version-history":[{"count":2,"href":"https:\/\/spanishteacher.pro\/en\/wp-json\/wp\/v2\/posts\/5071\/revisions"}],"predecessor-version":[{"id":5079,"href":"https:\/\/spanishteacher.pro\/en\/wp-json\/wp\/v2\/posts\/5071\/revisions\/5079"}],"wp:attachment":[{"href":"https:\/\/spanishteacher.pro\/en\/wp-json\/wp\/v2\/media?parent=5071"}],"wp:term":[{"taxonomy":"category","embeddable":true,"href":"https:\/\/spanishteacher.pro\/en\/wp-json\/wp\/v2\/categories?post=5071"},{"taxonomy":"post_tag","embeddable":true,"href":"https:\/\/spanishteacher.pro\/en\/wp-json\/wp\/v2\/tags?post=5071"}],"curies":[{"name":"wp","href":"https:\/\/api.w.org\/{rel}","templated":true}]}}