{"id":4938,"date":"2021-03-08T10:57:20","date_gmt":"2021-03-08T09:57:20","guid":{"rendered":"https:\/\/spanishteacher.pro\/?p=4938"},"modified":"2021-03-08T10:57:20","modified_gmt":"2021-03-08T09:57:20","slug":"entrelazando-cultura-gramatica-historia-belleza-poesia","status":"publish","type":"post","link":"https:\/\/spanishteacher.pro\/en\/entrelazando-cultura-gramatica-historia-belleza-poesia\/","title":{"rendered":"La Alhambra y Granada: Cultura, gram\u00e1tica, historia, belleza, poes\u00eda, etc."},"content":{"rendered":"<p>LA ALHAMBRA y GRANADA: Cultura, gram\u00e1tica, historia, belleza, poes\u00eda, etc.<\/p>\n<p>Se trata de una tarea muy atractiva: entrelazar contenidos de una cultura.<\/p>\n<ul>\n<li>Creatividad<\/li>\n<li>Gram\u00e1tica comunicativa<\/li>\n<li>Historia<\/li>\n<li>Literatura<br \/>\n<img loading=\"lazy\" decoding=\"async\" class=\"alignnone size-medium wp-image-4939\" src=\"https:\/\/spanishteacher.pro\/wp-content\/uploads\/2021\/03\/INTRODUCCIoN-FICHA.-Material-elaborado_page-0001-144x300.jpg\" alt=\"\" width=\"144\" height=\"300\" title=\"\" srcset=\"https:\/\/spanishteacher.pro\/wp-content\/uploads\/2021\/03\/INTRODUCCIoN-FICHA.-Material-elaborado_page-0001-144x300.jpg 144w, https:\/\/spanishteacher.pro\/wp-content\/uploads\/2021\/03\/INTRODUCCIoN-FICHA.-Material-elaborado_page-0001-490x1024.jpg 490w, https:\/\/spanishteacher.pro\/wp-content\/uploads\/2021\/03\/INTRODUCCIoN-FICHA.-Material-elaborado_page-0001.jpg 593w\" sizes=\"auto, (max-width: 144px) 100vw, 144px\" \/><img loading=\"lazy\" decoding=\"async\" class=\"alignnone size-medium wp-image-4942\" src=\"https:\/\/spanishteacher.pro\/wp-content\/uploads\/2021\/03\/INTRODUCCIoN-FICHA.-Material-elaborado_page-0002-143x300.jpg\" alt=\"\" width=\"143\" height=\"300\" title=\"\" srcset=\"https:\/\/spanishteacher.pro\/wp-content\/uploads\/2021\/03\/INTRODUCCIoN-FICHA.-Material-elaborado_page-0002-143x300.jpg 143w, https:\/\/spanishteacher.pro\/wp-content\/uploads\/2021\/03\/INTRODUCCIoN-FICHA.-Material-elaborado_page-0002-488x1024.jpg 488w, https:\/\/spanishteacher.pro\/wp-content\/uploads\/2021\/03\/INTRODUCCIoN-FICHA.-Material-elaborado_page-0002.jpg 591w\" sizes=\"auto, (max-width: 143px) 100vw, 143px\" \/><img loading=\"lazy\" decoding=\"async\" class=\"alignnone size-medium wp-image-4945\" src=\"https:\/\/spanishteacher.pro\/wp-content\/uploads\/2021\/03\/INTRODUCCIoN-FICHA.-Material-elaborado_page-0003-143x300.jpg\" alt=\"\" width=\"143\" height=\"300\" title=\"\" srcset=\"https:\/\/spanishteacher.pro\/wp-content\/uploads\/2021\/03\/INTRODUCCIoN-FICHA.-Material-elaborado_page-0003-143x300.jpg 143w, https:\/\/spanishteacher.pro\/wp-content\/uploads\/2021\/03\/INTRODUCCIoN-FICHA.-Material-elaborado_page-0003-488x1024.jpg 488w, https:\/\/spanishteacher.pro\/wp-content\/uploads\/2021\/03\/INTRODUCCIoN-FICHA.-Material-elaborado_page-0003.jpg 591w\" sizes=\"auto, (max-width: 143px) 100vw, 143px\" \/><img loading=\"lazy\" decoding=\"async\" class=\"alignnone size-medium wp-image-4948\" src=\"https:\/\/spanishteacher.pro\/wp-content\/uploads\/2021\/03\/INTRODUCCIoN-FICHA.-Material-elaborado_page-0004-143x300.jpg\" alt=\"\" width=\"143\" height=\"300\" title=\"\" srcset=\"https:\/\/spanishteacher.pro\/wp-content\/uploads\/2021\/03\/INTRODUCCIoN-FICHA.-Material-elaborado_page-0004-143x300.jpg 143w, https:\/\/spanishteacher.pro\/wp-content\/uploads\/2021\/03\/INTRODUCCIoN-FICHA.-Material-elaborado_page-0004-488x1024.jpg 488w, https:\/\/spanishteacher.pro\/wp-content\/uploads\/2021\/03\/INTRODUCCIoN-FICHA.-Material-elaborado_page-0004.jpg 591w\" sizes=\"auto, (max-width: 143px) 100vw, 143px\" \/><\/li>\n<\/ul>\n<p>&nbsp;<\/p>\n","protected":false},"excerpt":{"rendered":"<p>LA ALHAMBRA y GRANADA: Cultura, gram\u00e1tica, historia, belleza, poes\u00eda, etc. Se trata de una tarea muy atractiva: entrelazar contenidos de una cultura. Creatividad Gram\u00e1tica comunicativa Historia Literatura &nbsp;<\/p>\n","protected":false},"author":2,"featured_media":3659,"comment_status":"open","ping_status":"closed","sticky":false,"template":"","format":"standard","meta":{"footnotes":""},"categories":[305],"tags":[339,321,322,319,348,332,333,326,349,336],"class_list":["post-4938","post","type-post","status-publish","format-standard","has-post-thumbnail","hentry","category-spanish-translation","tag-clasesonlineforyou","tag-competencia-comunicativa-en","tag-competencia-sociocultural-en","tag-ele-b1-b2","tag-ele-c1-c2-en","tag-estilo-de-ensenanza-en","tag-experiencia-docente-en","tag-gramatica-comunicativa-en","tag-los-tiempos-de-pasado","tag-plan-curricular-del-instituto-cervantes-en","category-305","description-off"],"_links":{"self":[{"href":"https:\/\/spanishteacher.pro\/en\/wp-json\/wp\/v2\/posts\/4938","targetHints":{"allow":["GET"]}}],"collection":[{"href":"https:\/\/spanishteacher.pro\/en\/wp-json\/wp\/v2\/posts"}],"about":[{"href":"https:\/\/spanishteacher.pro\/en\/wp-json\/wp\/v2\/types\/post"}],"author":[{"embeddable":true,"href":"https:\/\/spanishteacher.pro\/en\/wp-json\/wp\/v2\/users\/2"}],"replies":[{"embeddable":true,"href":"https:\/\/spanishteacher.pro\/en\/wp-json\/wp\/v2\/comments?post=4938"}],"version-history":[{"count":1,"href":"https:\/\/spanishteacher.pro\/en\/wp-json\/wp\/v2\/posts\/4938\/revisions"}],"predecessor-version":[{"id":4951,"href":"https:\/\/spanishteacher.pro\/en\/wp-json\/wp\/v2\/posts\/4938\/revisions\/4951"}],"wp:featuredmedia":[{"embeddable":true,"href":"https:\/\/spanishteacher.pro\/en\/wp-json\/wp\/v2\/media\/3659"}],"wp:attachment":[{"href":"https:\/\/spanishteacher.pro\/en\/wp-json\/wp\/v2\/media?parent=4938"}],"wp:term":[{"taxonomy":"category","embeddable":true,"href":"https:\/\/spanishteacher.pro\/en\/wp-json\/wp\/v2\/categories?post=4938"},{"taxonomy":"post_tag","embeddable":true,"href":"https:\/\/spanishteacher.pro\/en\/wp-json\/wp\/v2\/tags?post=4938"}],"curies":[{"name":"wp","href":"https:\/\/api.w.org\/{rel}","templated":true}]}}