{"id":4917,"date":"2021-02-13T18:55:21","date_gmt":"2021-02-13T17:55:21","guid":{"rendered":"https:\/\/spanishteacher.pro\/?p=4917"},"modified":"2021-02-13T18:55:21","modified_gmt":"2021-02-13T17:55:21","slug":"charles-chaplin","status":"publish","type":"post","link":"https:\/\/spanishteacher.pro\/en\/charles-chaplin\/","title":{"rendered":"Do you have in Spanish? Some ideas about CHARLES CHAPLIN"},"content":{"rendered":"<p>Charles Chaplin, el mayor genio del s\u00e9ptimo arte.<\/p>\n<p><a href=\"https:\/\/www.fotogramas.es\/noticias-cine\/a35423012\/chaplin-el-chico-curiosidades-rodaje-anecdotas\/\" rel=\"nofollow noopener\" target=\"_blank\">\u2018EL CHICO\u2019: CURIOSIDADES Y AN\u00c9CDOTAS DE LA PRIMERA GRAN OBRA MAESTRA DE CHARLES CHAPLIN<\/a><br \/>\n100 a\u00f1os de esa pel\u00edcula que logro unir drama y comedia, de\u00a0\u201cUna pel\u00edcula con una sonrisa y, puede, alguna l\u00e1grima\u201d.<\/p>\n<div style=\"width: 1200px;\" class=\"wp-video\"><video class=\"wp-video-shortcode\" id=\"video-4917-1\" width=\"1200\" height=\"675\" preload=\"metadata\" controls=\"controls\"><source type=\"video\/mp4\" src=\"https:\/\/spanishteacher.pro\/wp-content\/uploads\/2021\/02\/El-Chico.-Trailer-oficial-en-su-version-restaurada-en-4K-1080p_24fps_H264-128kbit_AAC.mp4?_=1\" \/><a href=\"https:\/\/spanishteacher.pro\/wp-content\/uploads\/2021\/02\/El-Chico.-Trailer-oficial-en-su-version-restaurada-en-4K-1080p_24fps_H264-128kbit_AAC.mp4\">https:\/\/spanishteacher.pro\/wp-content\/uploads\/2021\/02\/El-Chico.-Trailer-oficial-en-su-version-restaurada-en-4K-1080p_24fps_H264-128kbit_AAC.mp4<\/a><\/video><\/div>\n<p>&nbsp;<\/p>\n<p>\u2018El chico\u2019 permanece como una importante contribuci\u00f3n al arte del cine, no solo por el innovador uso de secuencias dram\u00e1ticas en un largometraje c\u00f3mico, sino por lo que revela de su creador. Sin duda, cuando Chaplin define la cinta en su inicio como \u201cUna pel\u00edcula con una sonrisa y, puede, alguna l\u00e1grima\u201d, tiene su credo art\u00edstico, y vital, en mente. (Jeffrey Vance, el bi\u00f3grafo de Chaplin)<\/p>\n<p><img loading=\"lazy\" decoding=\"async\" class=\"alignnone size-medium wp-image-4921\" src=\"https:\/\/spanishteacher.pro\/wp-content\/uploads\/2021\/02\/el-chico-17001-t1-300x169.jpg\" alt=\"\" width=\"300\" height=\"169\" title=\"\" srcset=\"https:\/\/spanishteacher.pro\/wp-content\/uploads\/2021\/02\/el-chico-17001-t1-300x169.jpg 300w, https:\/\/spanishteacher.pro\/wp-content\/uploads\/2021\/02\/el-chico-17001-t1.jpg 640w\" sizes=\"auto, (max-width: 300px) 100vw, 300px\" \/><\/p>\n<p>Despu\u00e9s de ver el tr\u00e1iler, pongamos palabras, expresiones, mensajes, intencionalidad a este gran personaje de la historia del cine.<\/p>\n<p>&nbsp;<\/p>\n<p><strong>Do you have any idea?<\/strong><\/p>\n","protected":false},"excerpt":{"rendered":"<p>Charles Chaplin, el mayor genio del s\u00e9ptimo arte. \u2018EL CHICO\u2019: CURIOSIDADES Y AN\u00c9CDOTAS DE LA PRIMERA GRAN OBRA MAESTRA DE CHARLES CHAPLIN 100 a\u00f1os de esa pel\u00edcula que logro unir drama y comedia, de\u00a0\u201cUna pel\u00edcula con una sonrisa y, puede, alguna l\u00e1grima\u201d. &nbsp; \u2018El chico\u2019 permanece como una importante contribuci\u00f3n al arte del cine, no&hellip;<\/p>\n","protected":false},"author":2,"featured_media":4921,"comment_status":"open","ping_status":"closed","sticky":false,"template":"","format":"standard","meta":{"footnotes":""},"categories":[317],"tags":[321,322,319,348,342,332,335,325,336,338],"class_list":["post-4917","post","type-post","status-publish","format-standard","has-post-thumbnail","hentry","category-tarea","tag-competencia-comunicativa-en","tag-competencia-sociocultural-en","tag-ele-b1-b2","tag-ele-c1-c2-en","tag-espanolcomunicativo","tag-estilo-de-ensenanza-en","tag-habilidades-comunicativas-en","tag-marco-comun-europeo-de-referencia-para-las-lenguas-en","tag-plan-curricular-del-instituto-cervantes-en","tag-spanishteacherpro","category-317","description-off"],"_links":{"self":[{"href":"https:\/\/spanishteacher.pro\/en\/wp-json\/wp\/v2\/posts\/4917","targetHints":{"allow":["GET"]}}],"collection":[{"href":"https:\/\/spanishteacher.pro\/en\/wp-json\/wp\/v2\/posts"}],"about":[{"href":"https:\/\/spanishteacher.pro\/en\/wp-json\/wp\/v2\/types\/post"}],"author":[{"embeddable":true,"href":"https:\/\/spanishteacher.pro\/en\/wp-json\/wp\/v2\/users\/2"}],"replies":[{"embeddable":true,"href":"https:\/\/spanishteacher.pro\/en\/wp-json\/wp\/v2\/comments?post=4917"}],"version-history":[{"count":2,"href":"https:\/\/spanishteacher.pro\/en\/wp-json\/wp\/v2\/posts\/4917\/revisions"}],"predecessor-version":[{"id":4925,"href":"https:\/\/spanishteacher.pro\/en\/wp-json\/wp\/v2\/posts\/4917\/revisions\/4925"}],"wp:featuredmedia":[{"embeddable":true,"href":"https:\/\/spanishteacher.pro\/en\/wp-json\/wp\/v2\/media\/4921"}],"wp:attachment":[{"href":"https:\/\/spanishteacher.pro\/en\/wp-json\/wp\/v2\/media?parent=4917"}],"wp:term":[{"taxonomy":"category","embeddable":true,"href":"https:\/\/spanishteacher.pro\/en\/wp-json\/wp\/v2\/categories?post=4917"},{"taxonomy":"post_tag","embeddable":true,"href":"https:\/\/spanishteacher.pro\/en\/wp-json\/wp\/v2\/tags?post=4917"}],"curies":[{"name":"wp","href":"https:\/\/api.w.org\/{rel}","templated":true}]}}