{"id":4853,"date":"2021-01-11T14:15:24","date_gmt":"2021-01-11T13:15:24","guid":{"rendered":"https:\/\/spanishteacher.pro\/?p=4853"},"modified":"2021-01-11T14:20:26","modified_gmt":"2021-01-11T13:20:26","slug":"tell-me-in-spanish","status":"publish","type":"post","link":"https:\/\/spanishteacher.pro\/en\/tell-me-in-spanish\/","title":{"rendered":"Tell me in Spanish"},"content":{"rendered":"<p><img loading=\"lazy\" decoding=\"async\" class=\"size-medium wp-image-4868 aligncenter\" src=\"https:\/\/spanishteacher.pro\/wp-content\/uploads\/2021\/01\/Cuentame_como_paso-300x129.jpg\" alt=\"\" width=\"300\" height=\"129\" title=\"\" srcset=\"https:\/\/spanishteacher.pro\/wp-content\/uploads\/2021\/01\/Cuentame_como_paso-300x129.jpg 300w, https:\/\/spanishteacher.pro\/wp-content\/uploads\/2021\/01\/Cuentame_como_paso.jpg 594w\" sizes=\"auto, (max-width: 300px) 100vw, 300px\" \/><\/p>\n<p>&nbsp;<\/p>\n<div style=\"width: 1200px;\" class=\"wp-video\"><video class=\"wp-video-shortcode\" id=\"video-4853-1\" width=\"1200\" height=\"675\" preload=\"metadata\" controls=\"controls\"><source type=\"video\/mp4\" src=\"https:\/\/spanishteacher.pro\/wp-content\/uploads\/2021\/01\/1080p_25fps_H264-128kbit_AAC.mp4?_=1\" \/><a href=\"https:\/\/spanishteacher.pro\/wp-content\/uploads\/2021\/01\/1080p_25fps_H264-128kbit_AAC.mp4\">https:\/\/spanishteacher.pro\/wp-content\/uploads\/2021\/01\/1080p_25fps_H264-128kbit_AAC.mp4<\/a><\/video><\/div>\n<p>Con la sinton\u00eda de cabecera de la serie de <strong>RTVE<\/strong>, <em>Cu\u00e9ntame c\u00f3mo pas\u00f3,\u00a0<\/em>practicamos el TELL ME\/ CU\u00c9NTAME eso tan interesante, especial, sorprendente, etc. En la letra, he se\u00f1alado por colores las formas del verbo y pronombres. \u00bfTe atreves a explic\u00e1rmelo?<\/p>\n<p><img loading=\"lazy\" decoding=\"async\" class=\"alignnone size-medium wp-image-4861\" src=\"https:\/\/spanishteacher.pro\/wp-content\/uploads\/2021\/01\/Captura-300x266.jpg\" alt=\"\" width=\"300\" height=\"266\" title=\"\" srcset=\"https:\/\/spanishteacher.pro\/wp-content\/uploads\/2021\/01\/Captura-300x266.jpg 300w, https:\/\/spanishteacher.pro\/wp-content\/uploads\/2021\/01\/Captura.jpg 448w\" sizes=\"auto, (max-width: 300px) 100vw, 300px\" \/><\/p>\n","protected":false},"excerpt":{"rendered":"<p>&nbsp; Con la sinton\u00eda de cabecera de la serie de RTVE, Cu\u00e9ntame c\u00f3mo pas\u00f3,\u00a0practicamos el TELL ME\/ CU\u00c9NTAME eso tan interesante, especial, sorprendente, etc. En la letra, he se\u00f1alado por colores las formas del verbo y pronombres. \u00bfTe atreves a explic\u00e1rmelo?<\/p>\n","protected":false},"author":2,"featured_media":4868,"comment_status":"open","ping_status":"closed","sticky":false,"template":"","format":"standard","meta":{"footnotes":""},"categories":[305],"tags":[339,321,319,331,333,326,325,336,338],"class_list":["post-4853","post","type-post","status-publish","format-standard","has-post-thumbnail","hentry","category-spanish-translation","tag-clasesonlineforyou","tag-competencia-comunicativa-en","tag-ele-b1-b2","tag-ensenanza-aprendizaje-en","tag-experiencia-docente-en","tag-gramatica-comunicativa-en","tag-marco-comun-europeo-de-referencia-para-las-lenguas-en","tag-plan-curricular-del-instituto-cervantes-en","tag-spanishteacherpro","category-305","description-off"],"_links":{"self":[{"href":"https:\/\/spanishteacher.pro\/en\/wp-json\/wp\/v2\/posts\/4853","targetHints":{"allow":["GET"]}}],"collection":[{"href":"https:\/\/spanishteacher.pro\/en\/wp-json\/wp\/v2\/posts"}],"about":[{"href":"https:\/\/spanishteacher.pro\/en\/wp-json\/wp\/v2\/types\/post"}],"author":[{"embeddable":true,"href":"https:\/\/spanishteacher.pro\/en\/wp-json\/wp\/v2\/users\/2"}],"replies":[{"embeddable":true,"href":"https:\/\/spanishteacher.pro\/en\/wp-json\/wp\/v2\/comments?post=4853"}],"version-history":[{"count":5,"href":"https:\/\/spanishteacher.pro\/en\/wp-json\/wp\/v2\/posts\/4853\/revisions"}],"predecessor-version":[{"id":4874,"href":"https:\/\/spanishteacher.pro\/en\/wp-json\/wp\/v2\/posts\/4853\/revisions\/4874"}],"wp:featuredmedia":[{"embeddable":true,"href":"https:\/\/spanishteacher.pro\/en\/wp-json\/wp\/v2\/media\/4868"}],"wp:attachment":[{"href":"https:\/\/spanishteacher.pro\/en\/wp-json\/wp\/v2\/media?parent=4853"}],"wp:term":[{"taxonomy":"category","embeddable":true,"href":"https:\/\/spanishteacher.pro\/en\/wp-json\/wp\/v2\/categories?post=4853"},{"taxonomy":"post_tag","embeddable":true,"href":"https:\/\/spanishteacher.pro\/en\/wp-json\/wp\/v2\/tags?post=4853"}],"curies":[{"name":"wp","href":"https:\/\/api.w.org\/{rel}","templated":true}]}}